{"id":378412,"date":"2022-09-08T14:36:14","date_gmt":"2022-09-08T14:36:14","guid":{"rendered":"https:\/\/cavashill.es\/maridem-els-nostres-vins-i-caves-amb-el-millor-jazz-internacional\/"},"modified":"2022-09-08T14:43:00","modified_gmt":"2022-09-08T14:43:00","slug":"maridem-els-nostres-vins-i-caves-amb-el-millor-jazz-internacional","status":"publish","type":"post","link":"https:\/\/cavashill.es\/es\/maridem-els-nostres-vins-i-caves-amb-el-millor-jazz-internacional\/","title":{"rendered":"Maridamos nuestros vinos y cavas con el mejor jazz internacional"},"content":{"rendered":"\n<p class=\"has-text-align-center\">Del 1 al 3 de julio, Vilafranca del Pened\u00e8s volvi\u00f3 a convertirse en el epicentro del jazz internacional y los mejores vinos y cavas del Pened\u00e8s.<\/p>\n\n\n\n<p>Tras las restricciones de la pandemia, la edici\u00f3n de este a\u00f1o se ha cerrado con un \u00e9xito de p\u00fablico rotundo y la participaci\u00f3n de m\u00e1s de 20 bodegas que presentaron m\u00e1s de 300 referencias. Durante el certamen se celebraron diferentes actividades paralelas como catas y maridajes, con la mayor\u00eda de entradas agotadas. <\/p>\n\n\n\n<p>Nosotros estuvimos presentes presentando nuestros vinos y cavas. Concretamente llevamos al Vijazz el Panot Gaud\u00ed Reserva Brut, recientemente premiado con la Medalla de Plata Decanter World Awards y la Medalla de Oro en el Concurso Mundial de Bruselas; y el Panot Gaud\u00ed Pinot Noir, Premio Vinari de Oro 2022 al Mejor Espumoso Rosado Joven. En cuanto a los vinos, los asistentes al Vijazz pudieron degustar nuestro N\u00e0iada blanco, Premio Vinari d&#8217;Or 2022 al Mejor Vino Blanco Joven; y nuestro La Clau de Volta.<\/p>\n\n\n\n<p><\/p>\n\n\n\n<figure class=\"wp-block-gallery has-nested-images columns-default is-cropped wp-block-gallery-1 is-layout-flex wp-block-gallery-is-layout-flex\">\n<figure class=\"wp-block-image size-large\"><a href=\"https:\/\/cavashill.es\/wp-content\/uploads\/2022\/09\/IMG-20220703-WA0006-1-980x735.jpg\" target=\"_blank\" rel=\"noreferrer noopener\"><img loading=\"lazy\" decoding=\"async\" width=\"1024\" height=\"768\" data-id=\"378396\" src=\"https:\/\/cavashill.es\/wp-content\/uploads\/2022\/09\/IMG-20220703-WA0006-1-1024x768.jpg\" alt=\"\" class=\"wp-image-378396\" srcset=\"https:\/\/cavashill.es\/wp-content\/uploads\/2022\/09\/IMG-20220703-WA0006-1-980x735.jpg 980w, https:\/\/cavashill.es\/wp-content\/uploads\/2022\/09\/IMG-20220703-WA0006-1-480x360.jpg 480w\" sizes=\"(min-width: 0px) and (max-width: 480px) 480px, (min-width: 481px) and (max-width: 980px) 980px, (min-width: 981px) 1024px, 100vw\" \/><\/a><\/figure>\n\n\n\n<figure class=\"wp-block-image size-large\"><a href=\"https:\/\/cavashill.es\/wp-content\/uploads\/2022\/09\/IMG-20220703-WA0005-1-980x735.jpg\" target=\"_blank\" rel=\"noreferrer noopener\"><img loading=\"lazy\" decoding=\"async\" width=\"1024\" height=\"768\" data-id=\"378397\" src=\"https:\/\/cavashill.es\/wp-content\/uploads\/2022\/09\/IMG-20220703-WA0005-1-1024x768.jpg\" alt=\"\" class=\"wp-image-378397\" srcset=\"https:\/\/cavashill.es\/wp-content\/uploads\/2022\/09\/IMG-20220703-WA0005-1-980x735.jpg 980w, https:\/\/cavashill.es\/wp-content\/uploads\/2022\/09\/IMG-20220703-WA0005-1-480x360.jpg 480w\" sizes=\"(min-width: 0px) and (max-width: 480px) 480px, (min-width: 481px) and (max-width: 980px) 980px, (min-width: 981px) 1024px, 100vw\" \/><\/a><\/figure>\n\n\n\n<figure class=\"wp-block-image size-large\"><a href=\"https:\/\/cavashill.es\/wp-content\/uploads\/2022\/09\/IMG_20220701_183701-1-768x1024.jpg\" target=\"_blank\" rel=\"noreferrer noopener\"><img loading=\"lazy\" decoding=\"async\" width=\"768\" height=\"1024\" data-id=\"378399\" src=\"https:\/\/cavashill.es\/wp-content\/uploads\/2022\/09\/IMG_20220701_183701-1-768x1024.jpg\" alt=\"\" class=\"wp-image-378399\"\/><\/a><\/figure>\n<\/figure>\n","protected":false},"excerpt":{"rendered":"<p>Del 1 al 3 de julio, Vilafranca del Pened\u00e8s volvi\u00f3 a convertirse en el epicentro del jazz internacional y los mejores vinos y cavas del Pened\u00e8s. Tras las restricciones de la pandemia, la edici\u00f3n de este a\u00f1o se ha cerrado con un \u00e9xito de p\u00fablico rotundo y la participaci\u00f3n de m\u00e1s de 20 bodegas que [&hellip;]<\/p>\n","protected":false},"author":1,"featured_media":378402,"comment_status":"closed","ping_status":"closed","sticky":false,"template":"","format":"standard","meta":{"_acf_changed":false,"_et_pb_use_builder":"off","_et_pb_old_content":"","_et_gb_content_width":"","footnotes":""},"categories":[26],"tags":[],"class_list":["post-378412","post","type-post","status-publish","format-standard","has-post-thumbnail","hentry","category-sin-categorizar"],"acf":[],"yoast_head":"<!-- This site is optimized with the Yoast SEO plugin v27.5 - https:\/\/yoast.com\/product\/yoast-seo-wordpress\/ -->\n<title>Maridamos nuestros vinos y cavas con el mejor jazz internacional - Cavas Hill<\/title>\n<meta name=\"robots\" content=\"index, follow, max-snippet:-1, max-image-preview:large, max-video-preview:-1\" \/>\n<link rel=\"canonical\" href=\"https:\/\/cavashill.es\/maridem-els-nostres-vins-i-caves-amb-el-millor-jazz-internacional\/\" \/>\n<meta property=\"og:locale\" content=\"es_ES\" \/>\n<meta property=\"og:type\" content=\"article\" \/>\n<meta property=\"og:title\" content=\"Maridamos nuestros vinos y cavas con el mejor jazz internacional - Cavas Hill\" \/>\n<meta property=\"og:description\" content=\"Del 1 al 3 de julio, Vilafranca del Pened\u00e8s volvi\u00f3 a convertirse en el epicentro del jazz internacional y los mejores vinos y cavas del Pened\u00e8s. Tras las restricciones de la pandemia, la edici\u00f3n de este a\u00f1o se ha cerrado con un \u00e9xito de p\u00fablico rotundo y la participaci\u00f3n de m\u00e1s de 20 bodegas que [&hellip;]\" \/>\n<meta property=\"og:url\" content=\"https:\/\/cavashill.es\/maridem-els-nostres-vins-i-caves-amb-el-millor-jazz-internacional\/\" \/>\n<meta property=\"og:site_name\" content=\"Cavas Hill\" \/>\n<meta property=\"article:published_time\" content=\"2022-09-08T14:36:14+00:00\" \/>\n<meta property=\"article:modified_time\" content=\"2022-09-08T14:43:00+00:00\" \/>\n<meta property=\"og:image\" content=\"https:\/\/cavashill.es\/wp-content\/uploads\/2022\/09\/IMG-20220703-WA0006-1.jpg\" \/>\n\t<meta property=\"og:image:width\" content=\"1600\" \/>\n\t<meta property=\"og:image:height\" content=\"1200\" \/>\n\t<meta property=\"og:image:type\" content=\"image\/jpeg\" \/>\n<meta name=\"author\" content=\"Cavas Hill\" \/>\n<meta name=\"twitter:card\" content=\"summary_large_image\" \/>\n<meta name=\"twitter:label1\" content=\"Escrito por\" \/>\n\t<meta name=\"twitter:data1\" content=\"Cavas Hill\" \/>\n\t<meta name=\"twitter:label2\" content=\"Tiempo de lectura\" \/>\n\t<meta name=\"twitter:data2\" content=\"1 minuto\" \/>\n<script type=\"application\/ld+json\" class=\"yoast-schema-graph\">{\"@context\":\"https:\\\/\\\/schema.org\",\"@graph\":[{\"@type\":\"Article\",\"@id\":\"https:\\\/\\\/cavashill.es\\\/maridem-els-nostres-vins-i-caves-amb-el-millor-jazz-internacional\\\/#article\",\"isPartOf\":{\"@id\":\"https:\\\/\\\/cavashill.es\\\/maridem-els-nostres-vins-i-caves-amb-el-millor-jazz-internacional\\\/\"},\"author\":{\"name\":\"Cavas Hill\",\"@id\":\"https:\\\/\\\/cavashill.es\\\/#\\\/schema\\\/person\\\/a7ec940e16af6c083e7e20a4620a6193\"},\"headline\":\"Maridamos nuestros vinos y cavas con el mejor jazz internacional\",\"datePublished\":\"2022-09-08T14:36:14+00:00\",\"dateModified\":\"2022-09-08T14:43:00+00:00\",\"mainEntityOfPage\":{\"@id\":\"https:\\\/\\\/cavashill.es\\\/maridem-els-nostres-vins-i-caves-amb-el-millor-jazz-internacional\\\/\"},\"wordCount\":176,\"image\":{\"@id\":\"https:\\\/\\\/cavashill.es\\\/maridem-els-nostres-vins-i-caves-amb-el-millor-jazz-internacional\\\/#primaryimage\"},\"thumbnailUrl\":\"https:\\\/\\\/cavashill.es\\\/wp-content\\\/uploads\\\/2022\\\/09\\\/IMG-20220703-WA0006-1.jpg\",\"articleSection\":[\"Sin categorizar\"],\"inLanguage\":\"es\"},{\"@type\":\"WebPage\",\"@id\":\"https:\\\/\\\/cavashill.es\\\/maridem-els-nostres-vins-i-caves-amb-el-millor-jazz-internacional\\\/\",\"url\":\"https:\\\/\\\/cavashill.es\\\/maridem-els-nostres-vins-i-caves-amb-el-millor-jazz-internacional\\\/\",\"name\":\"Maridamos nuestros vinos y cavas con el mejor jazz internacional - Cavas Hill\",\"isPartOf\":{\"@id\":\"https:\\\/\\\/cavashill.es\\\/#website\"},\"primaryImageOfPage\":{\"@id\":\"https:\\\/\\\/cavashill.es\\\/maridem-els-nostres-vins-i-caves-amb-el-millor-jazz-internacional\\\/#primaryimage\"},\"image\":{\"@id\":\"https:\\\/\\\/cavashill.es\\\/maridem-els-nostres-vins-i-caves-amb-el-millor-jazz-internacional\\\/#primaryimage\"},\"thumbnailUrl\":\"https:\\\/\\\/cavashill.es\\\/wp-content\\\/uploads\\\/2022\\\/09\\\/IMG-20220703-WA0006-1.jpg\",\"datePublished\":\"2022-09-08T14:36:14+00:00\",\"dateModified\":\"2022-09-08T14:43:00+00:00\",\"author\":{\"@id\":\"https:\\\/\\\/cavashill.es\\\/#\\\/schema\\\/person\\\/a7ec940e16af6c083e7e20a4620a6193\"},\"breadcrumb\":{\"@id\":\"https:\\\/\\\/cavashill.es\\\/maridem-els-nostres-vins-i-caves-amb-el-millor-jazz-internacional\\\/#breadcrumb\"},\"inLanguage\":\"es\",\"potentialAction\":[{\"@type\":\"ReadAction\",\"target\":[\"https:\\\/\\\/cavashill.es\\\/maridem-els-nostres-vins-i-caves-amb-el-millor-jazz-internacional\\\/\"]}]},{\"@type\":\"ImageObject\",\"inLanguage\":\"es\",\"@id\":\"https:\\\/\\\/cavashill.es\\\/maridem-els-nostres-vins-i-caves-amb-el-millor-jazz-internacional\\\/#primaryimage\",\"url\":\"https:\\\/\\\/cavashill.es\\\/wp-content\\\/uploads\\\/2022\\\/09\\\/IMG-20220703-WA0006-1.jpg\",\"contentUrl\":\"https:\\\/\\\/cavashill.es\\\/wp-content\\\/uploads\\\/2022\\\/09\\\/IMG-20220703-WA0006-1.jpg\",\"width\":1600,\"height\":1200},{\"@type\":\"BreadcrumbList\",\"@id\":\"https:\\\/\\\/cavashill.es\\\/maridem-els-nostres-vins-i-caves-amb-el-millor-jazz-internacional\\\/#breadcrumb\",\"itemListElement\":[{\"@type\":\"ListItem\",\"position\":1,\"name\":\"Inici\",\"item\":\"https:\\\/\\\/cavashill.es\\\/\"},{\"@type\":\"ListItem\",\"position\":2,\"name\":\"Maridamos nuestros vinos y cavas con el mejor jazz internacional\"}]},{\"@type\":\"WebSite\",\"@id\":\"https:\\\/\\\/cavashill.es\\\/#website\",\"url\":\"https:\\\/\\\/cavashill.es\\\/\",\"name\":\"Cavas Hill\",\"description\":\"Bodega de Caves i vins\",\"potentialAction\":[{\"@type\":\"SearchAction\",\"target\":{\"@type\":\"EntryPoint\",\"urlTemplate\":\"https:\\\/\\\/cavashill.es\\\/?s={search_term_string}\"},\"query-input\":{\"@type\":\"PropertyValueSpecification\",\"valueRequired\":true,\"valueName\":\"search_term_string\"}}],\"inLanguage\":\"es\"},{\"@type\":\"Person\",\"@id\":\"https:\\\/\\\/cavashill.es\\\/#\\\/schema\\\/person\\\/a7ec940e16af6c083e7e20a4620a6193\",\"name\":\"Cavas Hill\",\"image\":{\"@type\":\"ImageObject\",\"inLanguage\":\"es\",\"@id\":\"https:\\\/\\\/secure.gravatar.com\\\/avatar\\\/803c0c8ad4e2a465377d39cf37cec108ae40f3c0ac4be1726e4ec54f2ddbb04c?s=96&d=mm&r=g\",\"url\":\"https:\\\/\\\/secure.gravatar.com\\\/avatar\\\/803c0c8ad4e2a465377d39cf37cec108ae40f3c0ac4be1726e4ec54f2ddbb04c?s=96&d=mm&r=g\",\"contentUrl\":\"https:\\\/\\\/secure.gravatar.com\\\/avatar\\\/803c0c8ad4e2a465377d39cf37cec108ae40f3c0ac4be1726e4ec54f2ddbb04c?s=96&d=mm&r=g\",\"caption\":\"Cavas Hill\"},\"sameAs\":[\"https:\\\/\\\/cavashill.es\"]}]}<\/script>\n<!-- \/ Yoast SEO plugin. -->","yoast_head_json":{"title":"Maridamos nuestros vinos y cavas con el mejor jazz internacional - Cavas Hill","robots":{"index":"index","follow":"follow","max-snippet":"max-snippet:-1","max-image-preview":"max-image-preview:large","max-video-preview":"max-video-preview:-1"},"canonical":"https:\/\/cavashill.es\/maridem-els-nostres-vins-i-caves-amb-el-millor-jazz-internacional\/","og_locale":"es_ES","og_type":"article","og_title":"Maridamos nuestros vinos y cavas con el mejor jazz internacional - Cavas Hill","og_description":"Del 1 al 3 de julio, Vilafranca del Pened\u00e8s volvi\u00f3 a convertirse en el epicentro del jazz internacional y los mejores vinos y cavas del Pened\u00e8s. Tras las restricciones de la pandemia, la edici\u00f3n de este a\u00f1o se ha cerrado con un \u00e9xito de p\u00fablico rotundo y la participaci\u00f3n de m\u00e1s de 20 bodegas que [&hellip;]","og_url":"https:\/\/cavashill.es\/maridem-els-nostres-vins-i-caves-amb-el-millor-jazz-internacional\/","og_site_name":"Cavas Hill","article_published_time":"2022-09-08T14:36:14+00:00","article_modified_time":"2022-09-08T14:43:00+00:00","og_image":[{"width":1600,"height":1200,"url":"https:\/\/cavashill.es\/wp-content\/uploads\/2022\/09\/IMG-20220703-WA0006-1.jpg","type":"image\/jpeg"}],"author":"Cavas Hill","twitter_card":"summary_large_image","twitter_misc":{"Escrito por":"Cavas Hill","Tiempo de lectura":"1 minuto"},"schema":{"@context":"https:\/\/schema.org","@graph":[{"@type":"Article","@id":"https:\/\/cavashill.es\/maridem-els-nostres-vins-i-caves-amb-el-millor-jazz-internacional\/#article","isPartOf":{"@id":"https:\/\/cavashill.es\/maridem-els-nostres-vins-i-caves-amb-el-millor-jazz-internacional\/"},"author":{"name":"Cavas Hill","@id":"https:\/\/cavashill.es\/#\/schema\/person\/a7ec940e16af6c083e7e20a4620a6193"},"headline":"Maridamos nuestros vinos y cavas con el mejor jazz internacional","datePublished":"2022-09-08T14:36:14+00:00","dateModified":"2022-09-08T14:43:00+00:00","mainEntityOfPage":{"@id":"https:\/\/cavashill.es\/maridem-els-nostres-vins-i-caves-amb-el-millor-jazz-internacional\/"},"wordCount":176,"image":{"@id":"https:\/\/cavashill.es\/maridem-els-nostres-vins-i-caves-amb-el-millor-jazz-internacional\/#primaryimage"},"thumbnailUrl":"https:\/\/cavashill.es\/wp-content\/uploads\/2022\/09\/IMG-20220703-WA0006-1.jpg","articleSection":["Sin categorizar"],"inLanguage":"es"},{"@type":"WebPage","@id":"https:\/\/cavashill.es\/maridem-els-nostres-vins-i-caves-amb-el-millor-jazz-internacional\/","url":"https:\/\/cavashill.es\/maridem-els-nostres-vins-i-caves-amb-el-millor-jazz-internacional\/","name":"Maridamos nuestros vinos y cavas con el mejor jazz internacional - Cavas Hill","isPartOf":{"@id":"https:\/\/cavashill.es\/#website"},"primaryImageOfPage":{"@id":"https:\/\/cavashill.es\/maridem-els-nostres-vins-i-caves-amb-el-millor-jazz-internacional\/#primaryimage"},"image":{"@id":"https:\/\/cavashill.es\/maridem-els-nostres-vins-i-caves-amb-el-millor-jazz-internacional\/#primaryimage"},"thumbnailUrl":"https:\/\/cavashill.es\/wp-content\/uploads\/2022\/09\/IMG-20220703-WA0006-1.jpg","datePublished":"2022-09-08T14:36:14+00:00","dateModified":"2022-09-08T14:43:00+00:00","author":{"@id":"https:\/\/cavashill.es\/#\/schema\/person\/a7ec940e16af6c083e7e20a4620a6193"},"breadcrumb":{"@id":"https:\/\/cavashill.es\/maridem-els-nostres-vins-i-caves-amb-el-millor-jazz-internacional\/#breadcrumb"},"inLanguage":"es","potentialAction":[{"@type":"ReadAction","target":["https:\/\/cavashill.es\/maridem-els-nostres-vins-i-caves-amb-el-millor-jazz-internacional\/"]}]},{"@type":"ImageObject","inLanguage":"es","@id":"https:\/\/cavashill.es\/maridem-els-nostres-vins-i-caves-amb-el-millor-jazz-internacional\/#primaryimage","url":"https:\/\/cavashill.es\/wp-content\/uploads\/2022\/09\/IMG-20220703-WA0006-1.jpg","contentUrl":"https:\/\/cavashill.es\/wp-content\/uploads\/2022\/09\/IMG-20220703-WA0006-1.jpg","width":1600,"height":1200},{"@type":"BreadcrumbList","@id":"https:\/\/cavashill.es\/maridem-els-nostres-vins-i-caves-amb-el-millor-jazz-internacional\/#breadcrumb","itemListElement":[{"@type":"ListItem","position":1,"name":"Inici","item":"https:\/\/cavashill.es\/"},{"@type":"ListItem","position":2,"name":"Maridamos nuestros vinos y cavas con el mejor jazz internacional"}]},{"@type":"WebSite","@id":"https:\/\/cavashill.es\/#website","url":"https:\/\/cavashill.es\/","name":"Cavas Hill","description":"Bodega de Caves i vins","potentialAction":[{"@type":"SearchAction","target":{"@type":"EntryPoint","urlTemplate":"https:\/\/cavashill.es\/?s={search_term_string}"},"query-input":{"@type":"PropertyValueSpecification","valueRequired":true,"valueName":"search_term_string"}}],"inLanguage":"es"},{"@type":"Person","@id":"https:\/\/cavashill.es\/#\/schema\/person\/a7ec940e16af6c083e7e20a4620a6193","name":"Cavas Hill","image":{"@type":"ImageObject","inLanguage":"es","@id":"https:\/\/secure.gravatar.com\/avatar\/803c0c8ad4e2a465377d39cf37cec108ae40f3c0ac4be1726e4ec54f2ddbb04c?s=96&d=mm&r=g","url":"https:\/\/secure.gravatar.com\/avatar\/803c0c8ad4e2a465377d39cf37cec108ae40f3c0ac4be1726e4ec54f2ddbb04c?s=96&d=mm&r=g","contentUrl":"https:\/\/secure.gravatar.com\/avatar\/803c0c8ad4e2a465377d39cf37cec108ae40f3c0ac4be1726e4ec54f2ddbb04c?s=96&d=mm&r=g","caption":"Cavas Hill"},"sameAs":["https:\/\/cavashill.es"]}]}},"_links":{"self":[{"href":"https:\/\/cavashill.es\/es\/wp-json\/wp\/v2\/posts\/378412","targetHints":{"allow":["GET"]}}],"collection":[{"href":"https:\/\/cavashill.es\/es\/wp-json\/wp\/v2\/posts"}],"about":[{"href":"https:\/\/cavashill.es\/es\/wp-json\/wp\/v2\/types\/post"}],"author":[{"embeddable":true,"href":"https:\/\/cavashill.es\/es\/wp-json\/wp\/v2\/users\/1"}],"replies":[{"embeddable":true,"href":"https:\/\/cavashill.es\/es\/wp-json\/wp\/v2\/comments?post=378412"}],"version-history":[{"count":1,"href":"https:\/\/cavashill.es\/es\/wp-json\/wp\/v2\/posts\/378412\/revisions"}],"predecessor-version":[{"id":378414,"href":"https:\/\/cavashill.es\/es\/wp-json\/wp\/v2\/posts\/378412\/revisions\/378414"}],"wp:featuredmedia":[{"embeddable":true,"href":"https:\/\/cavashill.es\/es\/wp-json\/wp\/v2\/media\/378402"}],"wp:attachment":[{"href":"https:\/\/cavashill.es\/es\/wp-json\/wp\/v2\/media?parent=378412"}],"wp:term":[{"taxonomy":"category","embeddable":true,"href":"https:\/\/cavashill.es\/es\/wp-json\/wp\/v2\/categories?post=378412"},{"taxonomy":"post_tag","embeddable":true,"href":"https:\/\/cavashill.es\/es\/wp-json\/wp\/v2\/tags?post=378412"}],"curies":[{"name":"wp","href":"https:\/\/api.w.org\/{rel}","templated":true}]}}