{"id":378656,"date":"2022-11-10T08:25:45","date_gmt":"2022-11-10T08:25:45","guid":{"rendered":"https:\/\/cavashill.es\/gastronomic-forum-barcelona-mostra-la-vitalitat-del-sector-de-la-restauracio\/"},"modified":"2022-11-10T08:40:51","modified_gmt":"2022-11-10T08:40:51","slug":"gastronomic-forum-barcelona-mostra-la-vitalitat-del-sector-de-la-restauracio","status":"publish","type":"post","link":"https:\/\/cavashill.es\/es\/gastronomic-forum-barcelona-mostra-la-vitalitat-del-sector-de-la-restauracio\/","title":{"rendered":"Gastronomic Forum Barcelona muestra la vitalidad del sector de la restauraci\u00f3n"},"content":{"rendered":"\n<h2 class=\"wp-block-heading\">Cavas Hill hemos participado dentro del Show Room del Vi Catal\u00e0 presentando nuestros vinos y cavas<\/h2>\n\n\n\n<p id=\"tw-target-text\">Gastronomic Forum Barcelona, \u200b\u200bel sal\u00f3n de restauraci\u00f3n y foodservice organizado por Fira de Barcelona, \u200b\u200bha celebrado esta semana una exitosa edici\u00f3n que ha puesto de manifiesto una vez m\u00e1s la fortaleza y vitalidad del sector. El certamen, que ha evidenciado el poder transformador de la cocina y su mirada m\u00e1s social e integradora, ha logrado una gran asistencia de profesionales, que han descubierto las innovaciones presentadas por m\u00e1s de 300 empresas expositoras y han conocido las \u00faltimas tendencias gastron\u00f3micas y de gesti\u00f3n de la mano de m\u00e1s de 140 ponentes. <\/p>\n\n\n\n<p id=\"tw-target-text\">Cavas Hill hemos participado en el Forum dentro del Show Room del Vino Catal\u00e1n, donde hemos presentado nuestros vinos y cavas: el cava Panot Gaud\u00ed y los vinos K\u00fdma y N\u00e1iada. El Show Room del Vino Catal\u00e1n se enmarca dentro de la Semana del Vino Catal\u00e1n, que se celebra del 4 al 13 de noviembre con el objetivo de dar a conocer y promocionar los vinos de Catalu\u00f1a en todo el territorio. Es la fiesta anual de los vinos catalanes, un evento que agrupa a todo un conjunto de actividades por todo el territorio catal\u00e1n con un gran objetivo com\u00fan: ofrecer una cata de la inmensa variedad y riqueza del sector. <\/p>\n\n\n\n<p id=\"tw-target-text\">El Forum Gastronomic volver\u00e1 a celebrarse del 6 al 8 de noviembre de 2023 en el palacio 8 del recinto Montju\u00efc de Fira de Barcelona.<\/p>\n\n\n\n<figure class=\"wp-block-gallery has-nested-images columns-default is-cropped wp-block-gallery-1 is-layout-flex wp-block-gallery-is-layout-flex\">\n<figure class=\"wp-block-image size-large\"><img loading=\"lazy\" decoding=\"async\" width=\"768\" height=\"1024\" data-id=\"378648\" src=\"https:\/\/cavashill.es\/wp-content\/uploads\/2022\/11\/IMG_20221108_105316-768x1024.jpg\" alt=\"\" class=\"wp-image-378648\"\/><\/figure>\n\n\n\n<figure class=\"wp-block-image size-large\"><img loading=\"lazy\" decoding=\"async\" width=\"768\" height=\"1024\" data-id=\"378649\" src=\"https:\/\/cavashill.es\/wp-content\/uploads\/2022\/11\/IMG_20221108_112135-768x1024.jpg\" alt=\"\" class=\"wp-image-378649\"\/><\/figure>\n\n\n\n<figure class=\"wp-block-image size-large\"><img loading=\"lazy\" decoding=\"async\" width=\"1024\" height=\"768\" data-id=\"378645\" src=\"https:\/\/cavashill.es\/wp-content\/uploads\/2022\/11\/IMG-20221107-WA0001-1024x768.jpg\" alt=\"\" class=\"wp-image-378645\" srcset=\"https:\/\/cavashill.es\/wp-content\/uploads\/2022\/11\/IMG-20221107-WA0001-980x735.jpg 980w, https:\/\/cavashill.es\/wp-content\/uploads\/2022\/11\/IMG-20221107-WA0001-480x360.jpg 480w\" sizes=\"(min-width: 0px) and (max-width: 480px) 480px, (min-width: 481px) and (max-width: 980px) 980px, (min-width: 981px) 1024px, 100vw\" \/><\/figure>\n<\/figure>\n\n\n","protected":false},"excerpt":{"rendered":"<p>Cavas Hill hemos participado dentro del Show Room del Vi Catal\u00e0 presentando nuestros vinos y cavas Gastronomic Forum Barcelona, \u200b\u200bel sal\u00f3n de restauraci\u00f3n y foodservice organizado por Fira de Barcelona, \u200b\u200bha celebrado esta semana una exitosa edici\u00f3n que ha puesto de manifiesto una vez m\u00e1s la fortaleza y vitalidad del sector. El certamen, que ha [&hellip;]<\/p>\n","protected":false},"author":1,"featured_media":378644,"comment_status":"closed","ping_status":"closed","sticky":false,"template":"","format":"standard","meta":{"_acf_changed":false,"_et_pb_use_builder":"","_et_pb_old_content":"","_et_gb_content_width":"","footnotes":""},"categories":[26],"tags":[],"class_list":["post-378656","post","type-post","status-publish","format-standard","has-post-thumbnail","hentry","category-sin-categorizar"],"acf":[],"yoast_head":"<!-- This site is optimized with the Yoast SEO plugin v27.5 - https:\/\/yoast.com\/product\/yoast-seo-wordpress\/ -->\n<title>Gastronomic Forum Barcelona muestra la vitalidad del sector de la restauraci\u00f3n - Cavas Hill<\/title>\n<meta name=\"robots\" content=\"index, follow, max-snippet:-1, max-image-preview:large, max-video-preview:-1\" \/>\n<link rel=\"canonical\" href=\"https:\/\/cavashill.es\/gastronomic-forum-barcelona-mostra-la-vitalitat-del-sector-de-la-restauracio\/\" \/>\n<meta property=\"og:locale\" content=\"es_ES\" \/>\n<meta property=\"og:type\" content=\"article\" \/>\n<meta property=\"og:title\" content=\"Gastronomic Forum Barcelona muestra la vitalidad del sector de la restauraci\u00f3n - Cavas Hill\" \/>\n<meta property=\"og:description\" content=\"Cavas Hill hemos participado dentro del Show Room del Vi Catal\u00e0 presentando nuestros vinos y cavas Gastronomic Forum Barcelona, \u200b\u200bel sal\u00f3n de restauraci\u00f3n y foodservice organizado por Fira de Barcelona, \u200b\u200bha celebrado esta semana una exitosa edici\u00f3n que ha puesto de manifiesto una vez m\u00e1s la fortaleza y vitalidad del sector. El certamen, que ha [&hellip;]\" \/>\n<meta property=\"og:url\" content=\"https:\/\/cavashill.es\/gastronomic-forum-barcelona-mostra-la-vitalitat-del-sector-de-la-restauracio\/\" \/>\n<meta property=\"og:site_name\" content=\"Cavas Hill\" \/>\n<meta property=\"article:published_time\" content=\"2022-11-10T08:25:45+00:00\" \/>\n<meta property=\"article:modified_time\" content=\"2022-11-10T08:40:51+00:00\" \/>\n<meta property=\"og:image\" content=\"https:\/\/cavashill.es\/wp-content\/uploads\/2022\/11\/IMG_20221108_120507-scaled.jpg\" \/>\n\t<meta property=\"og:image:width\" content=\"2560\" \/>\n\t<meta property=\"og:image:height\" content=\"1920\" \/>\n\t<meta property=\"og:image:type\" content=\"image\/jpeg\" \/>\n<meta name=\"author\" content=\"Cavas Hill\" \/>\n<meta name=\"twitter:card\" content=\"summary_large_image\" \/>\n<meta name=\"twitter:label1\" content=\"Escrito por\" \/>\n\t<meta name=\"twitter:data1\" content=\"Cavas Hill\" \/>\n\t<meta name=\"twitter:label2\" content=\"Tiempo de lectura\" \/>\n\t<meta name=\"twitter:data2\" content=\"1 minuto\" \/>\n<script type=\"application\/ld+json\" class=\"yoast-schema-graph\">{\"@context\":\"https:\\\/\\\/schema.org\",\"@graph\":[{\"@type\":\"Article\",\"@id\":\"https:\\\/\\\/cavashill.es\\\/gastronomic-forum-barcelona-mostra-la-vitalitat-del-sector-de-la-restauracio\\\/#article\",\"isPartOf\":{\"@id\":\"https:\\\/\\\/cavashill.es\\\/gastronomic-forum-barcelona-mostra-la-vitalitat-del-sector-de-la-restauracio\\\/\"},\"author\":{\"name\":\"Cavas Hill\",\"@id\":\"https:\\\/\\\/cavashill.es\\\/#\\\/schema\\\/person\\\/a7ec940e16af6c083e7e20a4620a6193\"},\"headline\":\"Gastronomic Forum Barcelona muestra la vitalidad del sector de la restauraci\u00f3n\",\"datePublished\":\"2022-11-10T08:25:45+00:00\",\"dateModified\":\"2022-11-10T08:40:51+00:00\",\"mainEntityOfPage\":{\"@id\":\"https:\\\/\\\/cavashill.es\\\/gastronomic-forum-barcelona-mostra-la-vitalitat-del-sector-de-la-restauracio\\\/\"},\"wordCount\":264,\"image\":{\"@id\":\"https:\\\/\\\/cavashill.es\\\/gastronomic-forum-barcelona-mostra-la-vitalitat-del-sector-de-la-restauracio\\\/#primaryimage\"},\"thumbnailUrl\":\"https:\\\/\\\/cavashill.es\\\/wp-content\\\/uploads\\\/2022\\\/11\\\/IMG_20221108_120507-scaled.jpg\",\"articleSection\":[\"Sin categorizar\"],\"inLanguage\":\"es\"},{\"@type\":\"WebPage\",\"@id\":\"https:\\\/\\\/cavashill.es\\\/gastronomic-forum-barcelona-mostra-la-vitalitat-del-sector-de-la-restauracio\\\/\",\"url\":\"https:\\\/\\\/cavashill.es\\\/gastronomic-forum-barcelona-mostra-la-vitalitat-del-sector-de-la-restauracio\\\/\",\"name\":\"Gastronomic Forum Barcelona muestra la vitalidad del sector de la restauraci\u00f3n - Cavas Hill\",\"isPartOf\":{\"@id\":\"https:\\\/\\\/cavashill.es\\\/#website\"},\"primaryImageOfPage\":{\"@id\":\"https:\\\/\\\/cavashill.es\\\/gastronomic-forum-barcelona-mostra-la-vitalitat-del-sector-de-la-restauracio\\\/#primaryimage\"},\"image\":{\"@id\":\"https:\\\/\\\/cavashill.es\\\/gastronomic-forum-barcelona-mostra-la-vitalitat-del-sector-de-la-restauracio\\\/#primaryimage\"},\"thumbnailUrl\":\"https:\\\/\\\/cavashill.es\\\/wp-content\\\/uploads\\\/2022\\\/11\\\/IMG_20221108_120507-scaled.jpg\",\"datePublished\":\"2022-11-10T08:25:45+00:00\",\"dateModified\":\"2022-11-10T08:40:51+00:00\",\"author\":{\"@id\":\"https:\\\/\\\/cavashill.es\\\/#\\\/schema\\\/person\\\/a7ec940e16af6c083e7e20a4620a6193\"},\"breadcrumb\":{\"@id\":\"https:\\\/\\\/cavashill.es\\\/gastronomic-forum-barcelona-mostra-la-vitalitat-del-sector-de-la-restauracio\\\/#breadcrumb\"},\"inLanguage\":\"es\",\"potentialAction\":[{\"@type\":\"ReadAction\",\"target\":[\"https:\\\/\\\/cavashill.es\\\/gastronomic-forum-barcelona-mostra-la-vitalitat-del-sector-de-la-restauracio\\\/\"]}]},{\"@type\":\"ImageObject\",\"inLanguage\":\"es\",\"@id\":\"https:\\\/\\\/cavashill.es\\\/gastronomic-forum-barcelona-mostra-la-vitalitat-del-sector-de-la-restauracio\\\/#primaryimage\",\"url\":\"https:\\\/\\\/cavashill.es\\\/wp-content\\\/uploads\\\/2022\\\/11\\\/IMG_20221108_120507-scaled.jpg\",\"contentUrl\":\"https:\\\/\\\/cavashill.es\\\/wp-content\\\/uploads\\\/2022\\\/11\\\/IMG_20221108_120507-scaled.jpg\",\"width\":2560,\"height\":1920},{\"@type\":\"BreadcrumbList\",\"@id\":\"https:\\\/\\\/cavashill.es\\\/gastronomic-forum-barcelona-mostra-la-vitalitat-del-sector-de-la-restauracio\\\/#breadcrumb\",\"itemListElement\":[{\"@type\":\"ListItem\",\"position\":1,\"name\":\"Inici\",\"item\":\"https:\\\/\\\/cavashill.es\\\/\"},{\"@type\":\"ListItem\",\"position\":2,\"name\":\"Gastronomic Forum Barcelona muestra la vitalidad del sector de la restauraci\u00f3n\"}]},{\"@type\":\"WebSite\",\"@id\":\"https:\\\/\\\/cavashill.es\\\/#website\",\"url\":\"https:\\\/\\\/cavashill.es\\\/\",\"name\":\"Cavas Hill\",\"description\":\"Bodega de Caves i vins\",\"potentialAction\":[{\"@type\":\"SearchAction\",\"target\":{\"@type\":\"EntryPoint\",\"urlTemplate\":\"https:\\\/\\\/cavashill.es\\\/?s={search_term_string}\"},\"query-input\":{\"@type\":\"PropertyValueSpecification\",\"valueRequired\":true,\"valueName\":\"search_term_string\"}}],\"inLanguage\":\"es\"},{\"@type\":\"Person\",\"@id\":\"https:\\\/\\\/cavashill.es\\\/#\\\/schema\\\/person\\\/a7ec940e16af6c083e7e20a4620a6193\",\"name\":\"Cavas Hill\",\"image\":{\"@type\":\"ImageObject\",\"inLanguage\":\"es\",\"@id\":\"https:\\\/\\\/secure.gravatar.com\\\/avatar\\\/803c0c8ad4e2a465377d39cf37cec108ae40f3c0ac4be1726e4ec54f2ddbb04c?s=96&d=mm&r=g\",\"url\":\"https:\\\/\\\/secure.gravatar.com\\\/avatar\\\/803c0c8ad4e2a465377d39cf37cec108ae40f3c0ac4be1726e4ec54f2ddbb04c?s=96&d=mm&r=g\",\"contentUrl\":\"https:\\\/\\\/secure.gravatar.com\\\/avatar\\\/803c0c8ad4e2a465377d39cf37cec108ae40f3c0ac4be1726e4ec54f2ddbb04c?s=96&d=mm&r=g\",\"caption\":\"Cavas Hill\"},\"sameAs\":[\"https:\\\/\\\/cavashill.es\"]}]}<\/script>\n<!-- \/ Yoast SEO plugin. -->","yoast_head_json":{"title":"Gastronomic Forum Barcelona muestra la vitalidad del sector de la restauraci\u00f3n - Cavas Hill","robots":{"index":"index","follow":"follow","max-snippet":"max-snippet:-1","max-image-preview":"max-image-preview:large","max-video-preview":"max-video-preview:-1"},"canonical":"https:\/\/cavashill.es\/gastronomic-forum-barcelona-mostra-la-vitalitat-del-sector-de-la-restauracio\/","og_locale":"es_ES","og_type":"article","og_title":"Gastronomic Forum Barcelona muestra la vitalidad del sector de la restauraci\u00f3n - Cavas Hill","og_description":"Cavas Hill hemos participado dentro del Show Room del Vi Catal\u00e0 presentando nuestros vinos y cavas Gastronomic Forum Barcelona, \u200b\u200bel sal\u00f3n de restauraci\u00f3n y foodservice organizado por Fira de Barcelona, \u200b\u200bha celebrado esta semana una exitosa edici\u00f3n que ha puesto de manifiesto una vez m\u00e1s la fortaleza y vitalidad del sector. El certamen, que ha [&hellip;]","og_url":"https:\/\/cavashill.es\/gastronomic-forum-barcelona-mostra-la-vitalitat-del-sector-de-la-restauracio\/","og_site_name":"Cavas Hill","article_published_time":"2022-11-10T08:25:45+00:00","article_modified_time":"2022-11-10T08:40:51+00:00","og_image":[{"width":2560,"height":1920,"url":"https:\/\/cavashill.es\/wp-content\/uploads\/2022\/11\/IMG_20221108_120507-scaled.jpg","type":"image\/jpeg"}],"author":"Cavas Hill","twitter_card":"summary_large_image","twitter_misc":{"Escrito por":"Cavas Hill","Tiempo de lectura":"1 minuto"},"schema":{"@context":"https:\/\/schema.org","@graph":[{"@type":"Article","@id":"https:\/\/cavashill.es\/gastronomic-forum-barcelona-mostra-la-vitalitat-del-sector-de-la-restauracio\/#article","isPartOf":{"@id":"https:\/\/cavashill.es\/gastronomic-forum-barcelona-mostra-la-vitalitat-del-sector-de-la-restauracio\/"},"author":{"name":"Cavas Hill","@id":"https:\/\/cavashill.es\/#\/schema\/person\/a7ec940e16af6c083e7e20a4620a6193"},"headline":"Gastronomic Forum Barcelona muestra la vitalidad del sector de la restauraci\u00f3n","datePublished":"2022-11-10T08:25:45+00:00","dateModified":"2022-11-10T08:40:51+00:00","mainEntityOfPage":{"@id":"https:\/\/cavashill.es\/gastronomic-forum-barcelona-mostra-la-vitalitat-del-sector-de-la-restauracio\/"},"wordCount":264,"image":{"@id":"https:\/\/cavashill.es\/gastronomic-forum-barcelona-mostra-la-vitalitat-del-sector-de-la-restauracio\/#primaryimage"},"thumbnailUrl":"https:\/\/cavashill.es\/wp-content\/uploads\/2022\/11\/IMG_20221108_120507-scaled.jpg","articleSection":["Sin categorizar"],"inLanguage":"es"},{"@type":"WebPage","@id":"https:\/\/cavashill.es\/gastronomic-forum-barcelona-mostra-la-vitalitat-del-sector-de-la-restauracio\/","url":"https:\/\/cavashill.es\/gastronomic-forum-barcelona-mostra-la-vitalitat-del-sector-de-la-restauracio\/","name":"Gastronomic Forum Barcelona muestra la vitalidad del sector de la restauraci\u00f3n - Cavas Hill","isPartOf":{"@id":"https:\/\/cavashill.es\/#website"},"primaryImageOfPage":{"@id":"https:\/\/cavashill.es\/gastronomic-forum-barcelona-mostra-la-vitalitat-del-sector-de-la-restauracio\/#primaryimage"},"image":{"@id":"https:\/\/cavashill.es\/gastronomic-forum-barcelona-mostra-la-vitalitat-del-sector-de-la-restauracio\/#primaryimage"},"thumbnailUrl":"https:\/\/cavashill.es\/wp-content\/uploads\/2022\/11\/IMG_20221108_120507-scaled.jpg","datePublished":"2022-11-10T08:25:45+00:00","dateModified":"2022-11-10T08:40:51+00:00","author":{"@id":"https:\/\/cavashill.es\/#\/schema\/person\/a7ec940e16af6c083e7e20a4620a6193"},"breadcrumb":{"@id":"https:\/\/cavashill.es\/gastronomic-forum-barcelona-mostra-la-vitalitat-del-sector-de-la-restauracio\/#breadcrumb"},"inLanguage":"es","potentialAction":[{"@type":"ReadAction","target":["https:\/\/cavashill.es\/gastronomic-forum-barcelona-mostra-la-vitalitat-del-sector-de-la-restauracio\/"]}]},{"@type":"ImageObject","inLanguage":"es","@id":"https:\/\/cavashill.es\/gastronomic-forum-barcelona-mostra-la-vitalitat-del-sector-de-la-restauracio\/#primaryimage","url":"https:\/\/cavashill.es\/wp-content\/uploads\/2022\/11\/IMG_20221108_120507-scaled.jpg","contentUrl":"https:\/\/cavashill.es\/wp-content\/uploads\/2022\/11\/IMG_20221108_120507-scaled.jpg","width":2560,"height":1920},{"@type":"BreadcrumbList","@id":"https:\/\/cavashill.es\/gastronomic-forum-barcelona-mostra-la-vitalitat-del-sector-de-la-restauracio\/#breadcrumb","itemListElement":[{"@type":"ListItem","position":1,"name":"Inici","item":"https:\/\/cavashill.es\/"},{"@type":"ListItem","position":2,"name":"Gastronomic Forum Barcelona muestra la vitalidad del sector de la restauraci\u00f3n"}]},{"@type":"WebSite","@id":"https:\/\/cavashill.es\/#website","url":"https:\/\/cavashill.es\/","name":"Cavas Hill","description":"Bodega de Caves i vins","potentialAction":[{"@type":"SearchAction","target":{"@type":"EntryPoint","urlTemplate":"https:\/\/cavashill.es\/?s={search_term_string}"},"query-input":{"@type":"PropertyValueSpecification","valueRequired":true,"valueName":"search_term_string"}}],"inLanguage":"es"},{"@type":"Person","@id":"https:\/\/cavashill.es\/#\/schema\/person\/a7ec940e16af6c083e7e20a4620a6193","name":"Cavas Hill","image":{"@type":"ImageObject","inLanguage":"es","@id":"https:\/\/secure.gravatar.com\/avatar\/803c0c8ad4e2a465377d39cf37cec108ae40f3c0ac4be1726e4ec54f2ddbb04c?s=96&d=mm&r=g","url":"https:\/\/secure.gravatar.com\/avatar\/803c0c8ad4e2a465377d39cf37cec108ae40f3c0ac4be1726e4ec54f2ddbb04c?s=96&d=mm&r=g","contentUrl":"https:\/\/secure.gravatar.com\/avatar\/803c0c8ad4e2a465377d39cf37cec108ae40f3c0ac4be1726e4ec54f2ddbb04c?s=96&d=mm&r=g","caption":"Cavas Hill"},"sameAs":["https:\/\/cavashill.es"]}]}},"_links":{"self":[{"href":"https:\/\/cavashill.es\/es\/wp-json\/wp\/v2\/posts\/378656","targetHints":{"allow":["GET"]}}],"collection":[{"href":"https:\/\/cavashill.es\/es\/wp-json\/wp\/v2\/posts"}],"about":[{"href":"https:\/\/cavashill.es\/es\/wp-json\/wp\/v2\/types\/post"}],"author":[{"embeddable":true,"href":"https:\/\/cavashill.es\/es\/wp-json\/wp\/v2\/users\/1"}],"replies":[{"embeddable":true,"href":"https:\/\/cavashill.es\/es\/wp-json\/wp\/v2\/comments?post=378656"}],"version-history":[{"count":1,"href":"https:\/\/cavashill.es\/es\/wp-json\/wp\/v2\/posts\/378656\/revisions"}],"predecessor-version":[{"id":378658,"href":"https:\/\/cavashill.es\/es\/wp-json\/wp\/v2\/posts\/378656\/revisions\/378658"}],"wp:featuredmedia":[{"embeddable":true,"href":"https:\/\/cavashill.es\/es\/wp-json\/wp\/v2\/media\/378644"}],"wp:attachment":[{"href":"https:\/\/cavashill.es\/es\/wp-json\/wp\/v2\/media?parent=378656"}],"wp:term":[{"taxonomy":"category","embeddable":true,"href":"https:\/\/cavashill.es\/es\/wp-json\/wp\/v2\/categories?post=378656"},{"taxonomy":"post_tag","embeddable":true,"href":"https:\/\/cavashill.es\/es\/wp-json\/wp\/v2\/tags?post=378656"}],"curies":[{"name":"wp","href":"https:\/\/api.w.org\/{rel}","templated":true}]}}