{"id":378885,"date":"2023-02-21T10:54:49","date_gmt":"2023-02-21T10:54:49","guid":{"rendered":"https:\/\/cavashill.es\/?p=378885"},"modified":"2023-02-21T12:25:36","modified_gmt":"2023-02-21T12:25:36","slug":"la-barcelona-wine-week-es-consolida-com-el-gran-referent-del-vi-de-qualitat","status":"publish","type":"post","link":"https:\/\/cavashill.es\/es\/la-barcelona-wine-week-es-consolida-com-el-gran-referent-del-vi-de-qualitat\/","title":{"rendered":"La Barcelona Wine Week se consolida como el gran referente del vino de calidad"},"content":{"rendered":"\n<p><strong>Cavas Hill hemos participado dentro del estand de <a href=\"http:\/\/www.ferrerwines.com\" target=\"_blank\" rel=\"noreferrer noopener\">Ferrer Wines<\/a>, donde hemos presentado nuestros productos, como el nuevo Ice Organic<\/strong><\/p>\n\n\n\n<p>La tercera edici\u00f3n de la Barcelona Wine Week ha cerrado con un gran \u00e9xito de participaci\u00f3n, con la visita de m\u00e1s de 20.000 profesionales procedentes de 80 pa\u00edses y una ocupaci\u00f3n plena del palacio 8 del recinto ferial de Montju\u00efc durante sus tres d\u00edas de celebraci\u00f3n.<\/p>\n\n\n\n<p>La feria ha contado con 828 empresas expositoras -un 27% m\u00e1s que en la anterior edici\u00f3n- de todos los territorios productores de vino de Espa\u00f1a y la representaci\u00f3n de 70 sellos de prestigio.<\/p>\n\n\n\n<p>Adem\u00e1s, se han cerrado cerca de 8.000 reuniones de negocios entre expositores y compradores nacionales e internacionales y se han programado unas 50 actividades paralelas. Todas estas cifras afianzan el posicionamiento de este certamen como l\u00edder del vino espa\u00f1ol de calidad&nbsp; y una plataforma \u00fanica de negocio y promoci\u00f3n del sector.<\/p>\n\n\n\n<p>En Cavas Hill no nos hemos querido perder esta gran fiesta del vino y hemos vuelto a participar en la Barcelona Wine Week, dentro del estand de Ferrer Wines, \u00a0para dar a conocer nuestros vinos y cavas como nuestra gama de cavas Panot Gaud\u00ed; el nuevo \u00a0Cavas Hill Ice, el primer cava ice org\u00e1nico; o el Medalla de Oro Decanter 2022, el Col\u00b7lecci\u00f3 Privada de Cavas Hill. \u00a0<\/p>\n\n\n\n<p>\u00a1Muchas gracias a todos los que hab\u00e9is venido a visitarnos! Volvemos a encontrarnos en la pr\u00f3xima edici\u00f3n, que se celebrar\u00e1 en febrero de 2024.<\/p>\n\n\n\n<figure class=\"wp-block-gallery has-nested-images columns-default is-cropped wp-block-gallery-1 is-layout-flex wp-block-gallery-is-layout-flex\">\n<figure class=\"wp-block-image size-large\"><img loading=\"lazy\" decoding=\"async\" width=\"1024\" height=\"768\" data-id=\"378879\" src=\"https:\/\/cavashill.es\/wp-content\/uploads\/2023\/02\/bww1-1024x768.jpg\" alt=\"\" class=\"wp-image-378879\" srcset=\"https:\/\/cavashill.es\/wp-content\/uploads\/2023\/02\/bww1-980x735.jpg 980w, https:\/\/cavashill.es\/wp-content\/uploads\/2023\/02\/bww1-480x360.jpg 480w\" sizes=\"(min-width: 0px) and (max-width: 480px) 480px, (min-width: 481px) and (max-width: 980px) 980px, (min-width: 981px) 1024px, 100vw\" \/><\/figure>\n<\/figure>\n","protected":false},"excerpt":{"rendered":"<p>Cavas Hill hemos participado dentro del estand de Ferrer Wines, donde hemos presentado nuestros productos, como el nuevo Ice Organic La tercera edici\u00f3n de la Barcelona Wine Week ha cerrado con un gran \u00e9xito de participaci\u00f3n, con la visita de m\u00e1s de 20.000 profesionales procedentes de 80 pa\u00edses y una ocupaci\u00f3n plena del palacio 8 [&hellip;]<\/p>\n","protected":false},"author":1,"featured_media":378878,"comment_status":"closed","ping_status":"closed","sticky":false,"template":"","format":"standard","meta":{"_acf_changed":false,"_et_pb_use_builder":"off","_et_pb_old_content":"","_et_gb_content_width":"","footnotes":""},"categories":[26],"tags":[135,50,119,136,122,55],"class_list":["post-378885","post","type-post","status-publish","format-standard","has-post-thumbnail","hentry","category-sin-categorizar","tag-barcelona-wine-week-es","tag-cava-es","tag-cava-ice-es","tag-fira-vi-es","tag-ice-organic-es","tag-tast-caves-es"],"acf":[],"yoast_head":"<!-- This site is optimized with the Yoast SEO plugin v27.5 - https:\/\/yoast.com\/product\/yoast-seo-wordpress\/ -->\n<title>La Barcelona Wine Week se consolida como el gran referente del vino de calidad - Cavas Hill<\/title>\n<meta name=\"robots\" content=\"index, follow, max-snippet:-1, max-image-preview:large, max-video-preview:-1\" \/>\n<link rel=\"canonical\" href=\"https:\/\/cavashill.es\/la-barcelona-wine-week-es-consolida-com-el-gran-referent-del-vi-de-qualitat\/\" \/>\n<meta property=\"og:locale\" content=\"es_ES\" \/>\n<meta property=\"og:type\" content=\"article\" \/>\n<meta property=\"og:title\" content=\"La Barcelona Wine Week se consolida como el gran referente del vino de calidad - Cavas Hill\" \/>\n<meta property=\"og:description\" content=\"Cavas Hill hemos participado dentro del estand de Ferrer Wines, donde hemos presentado nuestros productos, como el nuevo Ice Organic La tercera edici\u00f3n de la Barcelona Wine Week ha cerrado con un gran \u00e9xito de participaci\u00f3n, con la visita de m\u00e1s de 20.000 profesionales procedentes de 80 pa\u00edses y una ocupaci\u00f3n plena del palacio 8 [&hellip;]\" \/>\n<meta property=\"og:url\" content=\"https:\/\/cavashill.es\/la-barcelona-wine-week-es-consolida-com-el-gran-referent-del-vi-de-qualitat\/\" \/>\n<meta property=\"og:site_name\" content=\"Cavas Hill\" \/>\n<meta property=\"article:published_time\" content=\"2023-02-21T10:54:49+00:00\" \/>\n<meta property=\"article:modified_time\" content=\"2023-02-21T12:25:36+00:00\" \/>\n<meta property=\"og:image\" content=\"https:\/\/cavashill.es\/wp-content\/uploads\/2023\/02\/IMG-20230207-WA0007.jpg\" \/>\n\t<meta property=\"og:image:width\" content=\"1600\" \/>\n\t<meta property=\"og:image:height\" content=\"1200\" \/>\n\t<meta property=\"og:image:type\" content=\"image\/jpeg\" \/>\n<meta name=\"author\" content=\"Cavas Hill\" \/>\n<meta name=\"twitter:card\" content=\"summary_large_image\" \/>\n<meta name=\"twitter:label1\" content=\"Escrito por\" \/>\n\t<meta name=\"twitter:data1\" content=\"Cavas Hill\" \/>\n\t<meta name=\"twitter:label2\" content=\"Tiempo de lectura\" \/>\n\t<meta name=\"twitter:data2\" content=\"1 minuto\" \/>\n<script type=\"application\/ld+json\" class=\"yoast-schema-graph\">{\"@context\":\"https:\\\/\\\/schema.org\",\"@graph\":[{\"@type\":\"Article\",\"@id\":\"https:\\\/\\\/cavashill.es\\\/la-barcelona-wine-week-es-consolida-com-el-gran-referent-del-vi-de-qualitat\\\/#article\",\"isPartOf\":{\"@id\":\"https:\\\/\\\/cavashill.es\\\/la-barcelona-wine-week-es-consolida-com-el-gran-referent-del-vi-de-qualitat\\\/\"},\"author\":{\"name\":\"Cavas Hill\",\"@id\":\"https:\\\/\\\/cavashill.es\\\/#\\\/schema\\\/person\\\/a7ec940e16af6c083e7e20a4620a6193\"},\"headline\":\"La Barcelona Wine Week se consolida como el gran referente del vino de calidad\",\"datePublished\":\"2023-02-21T10:54:49+00:00\",\"dateModified\":\"2023-02-21T12:25:36+00:00\",\"mainEntityOfPage\":{\"@id\":\"https:\\\/\\\/cavashill.es\\\/la-barcelona-wine-week-es-consolida-com-el-gran-referent-del-vi-de-qualitat\\\/\"},\"wordCount\":267,\"image\":{\"@id\":\"https:\\\/\\\/cavashill.es\\\/la-barcelona-wine-week-es-consolida-com-el-gran-referent-del-vi-de-qualitat\\\/#primaryimage\"},\"thumbnailUrl\":\"https:\\\/\\\/cavashill.es\\\/wp-content\\\/uploads\\\/2023\\\/02\\\/IMG-20230207-WA0007.jpg\",\"keywords\":[\"Barcelona Wine Week\",\"cava\",\"cava ice\",\"fira vi\",\"ice organic\",\"tast caves\"],\"articleSection\":[\"Sin categorizar\"],\"inLanguage\":\"es\"},{\"@type\":\"WebPage\",\"@id\":\"https:\\\/\\\/cavashill.es\\\/la-barcelona-wine-week-es-consolida-com-el-gran-referent-del-vi-de-qualitat\\\/\",\"url\":\"https:\\\/\\\/cavashill.es\\\/la-barcelona-wine-week-es-consolida-com-el-gran-referent-del-vi-de-qualitat\\\/\",\"name\":\"La Barcelona Wine Week se consolida como el gran referente del vino de calidad - Cavas Hill\",\"isPartOf\":{\"@id\":\"https:\\\/\\\/cavashill.es\\\/#website\"},\"primaryImageOfPage\":{\"@id\":\"https:\\\/\\\/cavashill.es\\\/la-barcelona-wine-week-es-consolida-com-el-gran-referent-del-vi-de-qualitat\\\/#primaryimage\"},\"image\":{\"@id\":\"https:\\\/\\\/cavashill.es\\\/la-barcelona-wine-week-es-consolida-com-el-gran-referent-del-vi-de-qualitat\\\/#primaryimage\"},\"thumbnailUrl\":\"https:\\\/\\\/cavashill.es\\\/wp-content\\\/uploads\\\/2023\\\/02\\\/IMG-20230207-WA0007.jpg\",\"datePublished\":\"2023-02-21T10:54:49+00:00\",\"dateModified\":\"2023-02-21T12:25:36+00:00\",\"author\":{\"@id\":\"https:\\\/\\\/cavashill.es\\\/#\\\/schema\\\/person\\\/a7ec940e16af6c083e7e20a4620a6193\"},\"breadcrumb\":{\"@id\":\"https:\\\/\\\/cavashill.es\\\/la-barcelona-wine-week-es-consolida-com-el-gran-referent-del-vi-de-qualitat\\\/#breadcrumb\"},\"inLanguage\":\"es\",\"potentialAction\":[{\"@type\":\"ReadAction\",\"target\":[\"https:\\\/\\\/cavashill.es\\\/la-barcelona-wine-week-es-consolida-com-el-gran-referent-del-vi-de-qualitat\\\/\"]}]},{\"@type\":\"ImageObject\",\"inLanguage\":\"es\",\"@id\":\"https:\\\/\\\/cavashill.es\\\/la-barcelona-wine-week-es-consolida-com-el-gran-referent-del-vi-de-qualitat\\\/#primaryimage\",\"url\":\"https:\\\/\\\/cavashill.es\\\/wp-content\\\/uploads\\\/2023\\\/02\\\/IMG-20230207-WA0007.jpg\",\"contentUrl\":\"https:\\\/\\\/cavashill.es\\\/wp-content\\\/uploads\\\/2023\\\/02\\\/IMG-20230207-WA0007.jpg\",\"width\":1600,\"height\":1200},{\"@type\":\"BreadcrumbList\",\"@id\":\"https:\\\/\\\/cavashill.es\\\/la-barcelona-wine-week-es-consolida-com-el-gran-referent-del-vi-de-qualitat\\\/#breadcrumb\",\"itemListElement\":[{\"@type\":\"ListItem\",\"position\":1,\"name\":\"Inici\",\"item\":\"https:\\\/\\\/cavashill.es\\\/\"},{\"@type\":\"ListItem\",\"position\":2,\"name\":\"La Barcelona Wine Week se consolida como el gran referente del vino de calidad\"}]},{\"@type\":\"WebSite\",\"@id\":\"https:\\\/\\\/cavashill.es\\\/#website\",\"url\":\"https:\\\/\\\/cavashill.es\\\/\",\"name\":\"Cavas Hill\",\"description\":\"Bodega de Caves i vins\",\"potentialAction\":[{\"@type\":\"SearchAction\",\"target\":{\"@type\":\"EntryPoint\",\"urlTemplate\":\"https:\\\/\\\/cavashill.es\\\/?s={search_term_string}\"},\"query-input\":{\"@type\":\"PropertyValueSpecification\",\"valueRequired\":true,\"valueName\":\"search_term_string\"}}],\"inLanguage\":\"es\"},{\"@type\":\"Person\",\"@id\":\"https:\\\/\\\/cavashill.es\\\/#\\\/schema\\\/person\\\/a7ec940e16af6c083e7e20a4620a6193\",\"name\":\"Cavas Hill\",\"image\":{\"@type\":\"ImageObject\",\"inLanguage\":\"es\",\"@id\":\"https:\\\/\\\/secure.gravatar.com\\\/avatar\\\/803c0c8ad4e2a465377d39cf37cec108ae40f3c0ac4be1726e4ec54f2ddbb04c?s=96&d=mm&r=g\",\"url\":\"https:\\\/\\\/secure.gravatar.com\\\/avatar\\\/803c0c8ad4e2a465377d39cf37cec108ae40f3c0ac4be1726e4ec54f2ddbb04c?s=96&d=mm&r=g\",\"contentUrl\":\"https:\\\/\\\/secure.gravatar.com\\\/avatar\\\/803c0c8ad4e2a465377d39cf37cec108ae40f3c0ac4be1726e4ec54f2ddbb04c?s=96&d=mm&r=g\",\"caption\":\"Cavas Hill\"},\"sameAs\":[\"https:\\\/\\\/cavashill.es\"]}]}<\/script>\n<!-- \/ Yoast SEO plugin. -->","yoast_head_json":{"title":"La Barcelona Wine Week se consolida como el gran referente del vino de calidad - Cavas Hill","robots":{"index":"index","follow":"follow","max-snippet":"max-snippet:-1","max-image-preview":"max-image-preview:large","max-video-preview":"max-video-preview:-1"},"canonical":"https:\/\/cavashill.es\/la-barcelona-wine-week-es-consolida-com-el-gran-referent-del-vi-de-qualitat\/","og_locale":"es_ES","og_type":"article","og_title":"La Barcelona Wine Week se consolida como el gran referente del vino de calidad - Cavas Hill","og_description":"Cavas Hill hemos participado dentro del estand de Ferrer Wines, donde hemos presentado nuestros productos, como el nuevo Ice Organic La tercera edici\u00f3n de la Barcelona Wine Week ha cerrado con un gran \u00e9xito de participaci\u00f3n, con la visita de m\u00e1s de 20.000 profesionales procedentes de 80 pa\u00edses y una ocupaci\u00f3n plena del palacio 8 [&hellip;]","og_url":"https:\/\/cavashill.es\/la-barcelona-wine-week-es-consolida-com-el-gran-referent-del-vi-de-qualitat\/","og_site_name":"Cavas Hill","article_published_time":"2023-02-21T10:54:49+00:00","article_modified_time":"2023-02-21T12:25:36+00:00","og_image":[{"width":1600,"height":1200,"url":"https:\/\/cavashill.es\/wp-content\/uploads\/2023\/02\/IMG-20230207-WA0007.jpg","type":"image\/jpeg"}],"author":"Cavas Hill","twitter_card":"summary_large_image","twitter_misc":{"Escrito por":"Cavas Hill","Tiempo de lectura":"1 minuto"},"schema":{"@context":"https:\/\/schema.org","@graph":[{"@type":"Article","@id":"https:\/\/cavashill.es\/la-barcelona-wine-week-es-consolida-com-el-gran-referent-del-vi-de-qualitat\/#article","isPartOf":{"@id":"https:\/\/cavashill.es\/la-barcelona-wine-week-es-consolida-com-el-gran-referent-del-vi-de-qualitat\/"},"author":{"name":"Cavas Hill","@id":"https:\/\/cavashill.es\/#\/schema\/person\/a7ec940e16af6c083e7e20a4620a6193"},"headline":"La Barcelona Wine Week se consolida como el gran referente del vino de calidad","datePublished":"2023-02-21T10:54:49+00:00","dateModified":"2023-02-21T12:25:36+00:00","mainEntityOfPage":{"@id":"https:\/\/cavashill.es\/la-barcelona-wine-week-es-consolida-com-el-gran-referent-del-vi-de-qualitat\/"},"wordCount":267,"image":{"@id":"https:\/\/cavashill.es\/la-barcelona-wine-week-es-consolida-com-el-gran-referent-del-vi-de-qualitat\/#primaryimage"},"thumbnailUrl":"https:\/\/cavashill.es\/wp-content\/uploads\/2023\/02\/IMG-20230207-WA0007.jpg","keywords":["Barcelona Wine Week","cava","cava ice","fira vi","ice organic","tast caves"],"articleSection":["Sin categorizar"],"inLanguage":"es"},{"@type":"WebPage","@id":"https:\/\/cavashill.es\/la-barcelona-wine-week-es-consolida-com-el-gran-referent-del-vi-de-qualitat\/","url":"https:\/\/cavashill.es\/la-barcelona-wine-week-es-consolida-com-el-gran-referent-del-vi-de-qualitat\/","name":"La Barcelona Wine Week se consolida como el gran referente del vino de calidad - Cavas Hill","isPartOf":{"@id":"https:\/\/cavashill.es\/#website"},"primaryImageOfPage":{"@id":"https:\/\/cavashill.es\/la-barcelona-wine-week-es-consolida-com-el-gran-referent-del-vi-de-qualitat\/#primaryimage"},"image":{"@id":"https:\/\/cavashill.es\/la-barcelona-wine-week-es-consolida-com-el-gran-referent-del-vi-de-qualitat\/#primaryimage"},"thumbnailUrl":"https:\/\/cavashill.es\/wp-content\/uploads\/2023\/02\/IMG-20230207-WA0007.jpg","datePublished":"2023-02-21T10:54:49+00:00","dateModified":"2023-02-21T12:25:36+00:00","author":{"@id":"https:\/\/cavashill.es\/#\/schema\/person\/a7ec940e16af6c083e7e20a4620a6193"},"breadcrumb":{"@id":"https:\/\/cavashill.es\/la-barcelona-wine-week-es-consolida-com-el-gran-referent-del-vi-de-qualitat\/#breadcrumb"},"inLanguage":"es","potentialAction":[{"@type":"ReadAction","target":["https:\/\/cavashill.es\/la-barcelona-wine-week-es-consolida-com-el-gran-referent-del-vi-de-qualitat\/"]}]},{"@type":"ImageObject","inLanguage":"es","@id":"https:\/\/cavashill.es\/la-barcelona-wine-week-es-consolida-com-el-gran-referent-del-vi-de-qualitat\/#primaryimage","url":"https:\/\/cavashill.es\/wp-content\/uploads\/2023\/02\/IMG-20230207-WA0007.jpg","contentUrl":"https:\/\/cavashill.es\/wp-content\/uploads\/2023\/02\/IMG-20230207-WA0007.jpg","width":1600,"height":1200},{"@type":"BreadcrumbList","@id":"https:\/\/cavashill.es\/la-barcelona-wine-week-es-consolida-com-el-gran-referent-del-vi-de-qualitat\/#breadcrumb","itemListElement":[{"@type":"ListItem","position":1,"name":"Inici","item":"https:\/\/cavashill.es\/"},{"@type":"ListItem","position":2,"name":"La Barcelona Wine Week se consolida como el gran referente del vino de calidad"}]},{"@type":"WebSite","@id":"https:\/\/cavashill.es\/#website","url":"https:\/\/cavashill.es\/","name":"Cavas Hill","description":"Bodega de Caves i vins","potentialAction":[{"@type":"SearchAction","target":{"@type":"EntryPoint","urlTemplate":"https:\/\/cavashill.es\/?s={search_term_string}"},"query-input":{"@type":"PropertyValueSpecification","valueRequired":true,"valueName":"search_term_string"}}],"inLanguage":"es"},{"@type":"Person","@id":"https:\/\/cavashill.es\/#\/schema\/person\/a7ec940e16af6c083e7e20a4620a6193","name":"Cavas Hill","image":{"@type":"ImageObject","inLanguage":"es","@id":"https:\/\/secure.gravatar.com\/avatar\/803c0c8ad4e2a465377d39cf37cec108ae40f3c0ac4be1726e4ec54f2ddbb04c?s=96&d=mm&r=g","url":"https:\/\/secure.gravatar.com\/avatar\/803c0c8ad4e2a465377d39cf37cec108ae40f3c0ac4be1726e4ec54f2ddbb04c?s=96&d=mm&r=g","contentUrl":"https:\/\/secure.gravatar.com\/avatar\/803c0c8ad4e2a465377d39cf37cec108ae40f3c0ac4be1726e4ec54f2ddbb04c?s=96&d=mm&r=g","caption":"Cavas Hill"},"sameAs":["https:\/\/cavashill.es"]}]}},"_links":{"self":[{"href":"https:\/\/cavashill.es\/es\/wp-json\/wp\/v2\/posts\/378885","targetHints":{"allow":["GET"]}}],"collection":[{"href":"https:\/\/cavashill.es\/es\/wp-json\/wp\/v2\/posts"}],"about":[{"href":"https:\/\/cavashill.es\/es\/wp-json\/wp\/v2\/types\/post"}],"author":[{"embeddable":true,"href":"https:\/\/cavashill.es\/es\/wp-json\/wp\/v2\/users\/1"}],"replies":[{"embeddable":true,"href":"https:\/\/cavashill.es\/es\/wp-json\/wp\/v2\/comments?post=378885"}],"version-history":[{"count":3,"href":"https:\/\/cavashill.es\/es\/wp-json\/wp\/v2\/posts\/378885\/revisions"}],"predecessor-version":[{"id":378892,"href":"https:\/\/cavashill.es\/es\/wp-json\/wp\/v2\/posts\/378885\/revisions\/378892"}],"wp:featuredmedia":[{"embeddable":true,"href":"https:\/\/cavashill.es\/es\/wp-json\/wp\/v2\/media\/378878"}],"wp:attachment":[{"href":"https:\/\/cavashill.es\/es\/wp-json\/wp\/v2\/media?parent=378885"}],"wp:term":[{"taxonomy":"category","embeddable":true,"href":"https:\/\/cavashill.es\/es\/wp-json\/wp\/v2\/categories?post=378885"},{"taxonomy":"post_tag","embeddable":true,"href":"https:\/\/cavashill.es\/es\/wp-json\/wp\/v2\/tags?post=378885"}],"curies":[{"name":"wp","href":"https:\/\/api.w.org\/{rel}","templated":true}]}}